{"id":1570,"date":"2020-11-13T14:22:32","date_gmt":"2020-11-13T11:22:32","guid":{"rendered":"http:\/\/www.senturkdundar.av.tr\/?p=1570"},"modified":"2020-11-13T14:22:33","modified_gmt":"2020-11-13T11:22:33","slug":"devamsizlik-nedeni-ile-fesih","status":"publish","type":"post","link":"http:\/\/www.senturkdundar.av.tr\/bg\/devamsizlik-nedeni-ile-fesih\/","title":{"rendered":"Devams\u0131zl\u0131k Nedeni \u0130le Fesih"},"content":{"rendered":"\n<p>\u0130\u015f\u00e7inin i\u015fe devams\u0131zl\u0131\u011f\u0131 i\u015fverenlerin s\u0131kl\u0131kla kar\u015f\u0131la\u015ft\u0131\u011f\u0131 sorunlardan biridir. \u0130\u015f\u00e7inin i\u015fe devams\u0131zl\u0131\u011f\u0131 i\u015fveren i\u00e7in hakl\u0131 fesih nedeni olsa da baz\u0131 durumlarda hakl\u0131 nedenle fesih sebebi olu\u015fturmamaktad\u0131r. \u0130\u015f\u00e7inin devams\u0131zl\u0131\u011f\u0131ndan kas\u0131t, i\u015fverenden izin almaks\u0131z\u0131n veya hakl\u0131 bir nedene dayanmaks\u0131z\u0131n i\u015fe gelmemesidir. \u0130\u015f\u00e7inin i\u015fe ge\u00e7 gelmesi devams\u0131zl\u0131k de\u011fildir. \u0130\u015fyerine gitti\u011fi halde i\u015fe ba\u015flamayan bir i\u015f\u00e7i devams\u0131zl\u0131kta bulunmu\u015f say\u0131lmamaktad\u0131r.<\/p>\n\n\n\n<p><strong>-\u0130\u015fverenin hakl\u0131 fesih nedenleri-<\/strong><\/p>\n\n\n\n<p>\u0130\u015f\u00e7inin izin almaks\u0131z\u0131n veya hakl\u0131 bir sebebe dayanmaks\u0131z\u0131n&nbsp;ard\u0131 ard\u0131na iki i\u015f g\u00fcn\u00fc&nbsp;veya&nbsp;bir ay i\u00e7inde iki defa herhangi bir tatil g\u00fcn\u00fcnden sonraki i\u015f g\u00fcn\u00fc&nbsp;yahut&nbsp;bir ayda \u00fc\u00e7 i\u015f g\u00fcn\u00fc&nbsp;i\u015fine devam etmemesi halinde i\u015fverenin i\u015f s\u00f6zle\u015fmesini derhal fesih hakk\u0131 vard\u0131r. \u201cBir ay\u201d ifadesi takvim ay\u0131n\u0131 de\u011fil ilk devams\u0131zl\u0131ktan sonra ge\u00e7ecek olan bir ay\u0131 ifade eder. \u0130lk devams\u0131zl\u0131\u011f\u0131n yap\u0131ld\u0131\u011f\u0131 g\u00fcn ay\u0131n ka\u00e7\u0131nc\u0131 g\u00fcn\u00fc ise takip eden ay\u0131n ayn\u0131 g\u00fcn\u00fc bir ayl\u0131k s\u00fcre sona erer.<\/p>\n\n\n\n<p>Devams\u0131zl\u0131k s\u00fcresi, ard\u0131 ard\u0131na iki i\u015f g\u00fcn\u00fc veya bir ay i\u00e7inde iki defa herhangi bir tatil g\u00fcn\u00fcnden sonraki i\u015f g\u00fcn\u00fc ya da bir ayda \u00fc\u00e7 i\u015f g\u00fcn\u00fc olmad\u0131k\u00e7a i\u015fverenin hakl\u0131 fesih imk\u00e2n\u0131 yoktur. Ayr\u0131ca belirtilen i\u015f g\u00fcnlerinde i\u015f\u00e7inin hi\u00e7 \u00e7al\u0131\u015fmam\u0131\u015f olmas\u0131 gerekir.<\/p>\n\n\n\n<p>\u0130\u015fg\u00fcn\u00fc, i\u015f\u00e7i bak\u0131m\u0131ndan \u00e7al\u0131\u015f\u0131lmas\u0131 gereken g\u00fcn olarak anla\u015f\u0131lmal\u0131d\u0131r. \u0130\u015f s\u00f6zle\u015fmesinde, genel tatil g\u00fcnlerinde \u00e7al\u0131\u015f\u0131laca\u011f\u0131na dair bir madde mevcut ise bu takdirde s\u00f6z konusu g\u00fcnlerde de yap\u0131lan devams\u0131zl\u0131k i\u015fverene hakl\u0131 fesih imk\u00e2n\u0131 tan\u0131r.<\/p>\n\n\n\n<p>\u0130\u015fyerinde cumartesi g\u00fcn\u00fc i\u015f g\u00fcn\u00fc ise belirtilen g\u00fcnde yap\u0131lan devams\u0131zl\u0131k da di\u011fer ko\u015fullar\u0131n varl\u0131\u011f\u0131 halinde hakl\u0131 fesih nedeni olu\u015fturur.<\/p>\n\n\n\n<p><strong>-Hakl\u0131 fesih nedeni olu\u015fturmayan durumlar-<\/strong><\/p>\n\n\n\n<p>\u0130\u015f\u00e7inin i\u015fe devams\u0131zl\u0131\u011f\u0131 her durumda i\u015fverene hakl\u0131 fesih imk\u00e2n\u0131 vermez. Devams\u0131zl\u0131\u011f\u0131n hakl\u0131 bir nedene dayanmas\u0131 halinde i\u015fverenin derhal ve hakl\u0131 nedenle fesih imk\u00e2n\u0131 bulunmamaktad\u0131r. \u0130\u015f\u00e7inin hastal\u0131\u011f\u0131, aile fertlerinden birinin ya da yak\u0131nlar\u0131n\u0131n \u00f6l\u00fcm\u00fc veya hastal\u0131\u011f\u0131, i\u015f\u00e7inin tan\u0131kl\u0131k veya bilirki\u015filik yapmas\u0131 gibi haller i\u015fe devams\u0131zl\u0131\u011f\u0131 hakl\u0131 k\u0131lan nedenlerden say\u0131lmaktad\u0131r. Mazeretin ispat\u0131 noktas\u0131nda, sahteli\u011fi ileri s\u00fcr\u00fcl\u00fcp kan\u0131tlanmad\u0131\u011f\u0131 s\u00fcrece \u00f6zel sa\u011fl\u0131k kurulu\u015flar\u0131ndan al\u0131nan raporlara da de\u011fer verilmesi gerekir.<\/p>\n\n\n\n<p>\u0130\u015fverenin \u00fccretli ya da \u00fccretsiz olarak izin verdi\u011fi bir i\u015f\u00e7inin izin s\u00fcresince i\u015fyerine gitmesi beklenemeyece\u011finden bu durumda bir devams\u0131zl\u0131ktan s\u00f6z edilemez. Ancak y\u0131ll\u0131k izin zaman\u0131n\u0131 belirlemek i\u015fverenin y\u00f6netim hakk\u0131 kapsam\u0131nda oldu\u011fundan i\u015f\u00e7inin kendili\u011finden izne \u00e7\u0131kmas\u0131 da s\u00f6z konusu olamaz. \u0130\u015f\u00e7inin y\u0131ll\u0131k iznini kulland\u0131\u011f\u0131n\u0131 belirterek i\u015fyerine gelmemesi i\u015fverence izinli say\u0131lmad\u0131\u011f\u0131 s\u00fcrece devams\u0131zl\u0131k halini olu\u015fturur.&nbsp;<\/p>\n\n\n\n<p><strong>-\u0130\u015fverenlerin dikkat etmesi gereken durumlar-<\/strong><\/p>\n\n\n\n<p>\u0130\u015fverenin i\u015f\u00e7inin devams\u0131zl\u0131k sebebini ara\u015ft\u0131rmas\u0131 gerekmektedir. Her devams\u0131zl\u0131k g\u00fcn\u00fc i\u00e7in ayr\u0131 ayr\u0131 devams\u0131zl\u0131k tutanaklar\u0131 d\u00fczenlenmelidir. Devams\u0131zl\u0131k tutanaklar\u0131 i\u015fyerinden tan\u0131klarca imzalanmal\u0131d\u0131r.<\/p>\n\n\n\n<p>Devams\u0131zl\u0131k yapan i\u015f\u00e7inin bordrosunda o g\u00fcnler i\u00e7in \u00e7al\u0131\u015fma g\u00f6sterilmemelidir. \u0130\u015f\u00e7iye ihtarname g\u00f6ndererek i\u015fe gelmeme nedeni sorulmal\u0131, gelen cevap i\u015fveren i\u00e7in hakl\u0131 bir nedene dayanmazsa i\u015ften \u00e7\u0131k\u0131\u015f\u0131 yap\u0131lmal\u0131d\u0131r.<\/p>\n\n\n\n<p>Sigorta \u00e7\u0131k\u0131\u015f kodu olarak \u201c26-Devams\u0131zl\u0131k nedeni ile fesih\u201d g\u00f6sterilmelidir. Fakat i\u00e7inde bulundu\u011fumuz pandemi d\u00f6neminde bu kod ile \u00e7\u0131k\u0131\u015f yasa\u011f\u0131 oldu\u011fundan ve SGK bununla ilgili bir d\u00fczenleme yapana kadar i\u015fverenler \u201c29 &#8211; \u0130\u015fveren taraf\u0131ndan i\u015f\u00e7inin ahlak ve iyi niyet kurallar\u0131na ayk\u0131r\u0131 davran\u0131\u015f\u0131 nedeni ile fesih\u201d kodunu kullanmal\u0131d\u0131r.<\/p>\n\n\n\n<p><strong>-OKURDAN GELENLER-<\/strong><\/p>\n\n\n\n<p><strong>SORU: \u00c7al\u0131\u015ft\u0131\u011f\u0131m i\u015fyeri talep etmeme ra\u011fmen i\u015fyerin yo\u011funlu\u011funu bahane ederek 2 y\u0131ld\u0131r \u00fccretli izin kullanmama izin vermiyor. \u0130\u015fi b\u0131raksam haklar\u0131m\u0131 alabilir miyim?<\/strong><br><strong>CEVAP:<\/strong>&nbsp;\u0130\u015fveren, kanun ve s\u00f6zle\u015fme ile belirlenen \u00e7al\u0131\u015fma ko\u015fullar\u0131n\u0131 uygulamazsa, i\u015f\u00e7iye hakl\u0131 nedenle derhal fesih hakk\u0131 do\u011far.&nbsp;\u0130\u015fverenin i\u015f\u00e7iye y\u0131ll\u0131k \u00fccretli iznini kulland\u0131rmamas\u0131, ara dinlenmesini vermemesi, hafta tatilinde \u00e7al\u0131\u015fmaya veya i\u015f\u00e7inin onay\u0131n\u0131n olmamas\u0131na ra\u011fmen genel sebeplerle fazla \u00e7al\u0131\u015fma yapmaya, \u00fccretsiz izne ayr\u0131lmaya (pandemi d\u00f6nemi hari\u00e7) veya ba\u015fka i\u015fyerinde \u00f6d\u00fcn\u00e7 \u00e7al\u0131\u015fmaya zorlamas\u0131 birer fesih sebebidir.<\/p>\n","protected":false},"excerpt":{"rendered":"<p>\u0130\u015f\u00e7inin i\u015fe devams\u0131zl\u0131\u011f\u0131 i\u015fverenlerin s\u0131kl\u0131kla kar\u015f\u0131la\u015ft\u0131\u011f\u0131 sorunlardan biridir. \u0130\u015f\u00e7inin i\u015fe devams\u0131zl\u0131\u011f\u0131 i\u015fveren i\u00e7in hakl\u0131 fesih nedeni olsa da baz\u0131 durumlarda hakl\u0131 nedenle fesih sebebi olu\u015fturmamaktad\u0131r. \u0130\u015f\u00e7inin devams\u0131zl\u0131\u011f\u0131ndan kas\u0131t, i\u015fverenden izin almaks\u0131z\u0131n veya hakl\u0131 bir nedene dayanmaks\u0131z\u0131n i\u015fe gelmemesidir. \u0130\u015f\u00e7inin i\u015fe ge\u00e7 gelmesi devams\u0131zl\u0131k de\u011fildir. \u0130\u015fyerine gitti\u011fi halde i\u015fe ba\u015flamayan bir i\u015f\u00e7i devams\u0131zl\u0131kta bulunmu\u015f say\u0131lmamaktad\u0131r. -\u0130\u015fverenin [&hellip;]<\/p>\n","protected":false},"author":1,"featured_media":1571,"comment_status":"open","ping_status":"open","sticky":false,"template":"","format":"standard","meta":[],"categories":[2],"tags":[],"_links":{"self":[{"href":"http:\/\/www.senturkdundar.av.tr\/bg\/wp-json\/wp\/v2\/posts\/1570"}],"collection":[{"href":"http:\/\/www.senturkdundar.av.tr\/bg\/wp-json\/wp\/v2\/posts"}],"about":[{"href":"http:\/\/www.senturkdundar.av.tr\/bg\/wp-json\/wp\/v2\/types\/post"}],"author":[{"embeddable":true,"href":"http:\/\/www.senturkdundar.av.tr\/bg\/wp-json\/wp\/v2\/users\/1"}],"replies":[{"embeddable":true,"href":"http:\/\/www.senturkdundar.av.tr\/bg\/wp-json\/wp\/v2\/comments?post=1570"}],"version-history":[{"count":1,"href":"http:\/\/www.senturkdundar.av.tr\/bg\/wp-json\/wp\/v2\/posts\/1570\/revisions"}],"predecessor-version":[{"id":1572,"href":"http:\/\/www.senturkdundar.av.tr\/bg\/wp-json\/wp\/v2\/posts\/1570\/revisions\/1572"}],"wp:featuredmedia":[{"embeddable":true,"href":"http:\/\/www.senturkdundar.av.tr\/bg\/wp-json\/wp\/v2\/media\/1571"}],"wp:attachment":[{"href":"http:\/\/www.senturkdundar.av.tr\/bg\/wp-json\/wp\/v2\/media?parent=1570"}],"wp:term":[{"taxonomy":"category","embeddable":true,"href":"http:\/\/www.senturkdundar.av.tr\/bg\/wp-json\/wp\/v2\/categories?post=1570"},{"taxonomy":"post_tag","embeddable":true,"href":"http:\/\/www.senturkdundar.av.tr\/bg\/wp-json\/wp\/v2\/tags?post=1570"}],"curies":[{"name":"wp","href":"https:\/\/api.w.org\/{rel}","templated":true}]}}